{"id":720,"date":"2021-09-14T16:57:24","date_gmt":"2021-09-14T16:57:24","guid":{"rendered":"http:\/\/moc.biz.pl\/?p=720"},"modified":"2021-09-14T16:57:25","modified_gmt":"2021-09-14T16:57:25","slug":"jaroslaw-na-szlaku-via-regia","status":"publish","type":"post","link":"https:\/\/moc.biz.pl\/?p=720","title":{"rendered":"Jaros\u0142aw na szlaku @VIA.REGIA"},"content":{"rendered":"\n<p>@VIA.REGIA\u00a0udost\u0119pni\u0142o nasz post, poni\u017cej t\u0142umaczenie i post:<\/p>\n\n\n\n<p>Przet\u0142umaczony cytat: &#8222;Seweryn Mo\u017cd\u017ce\u0144 zamie\u015bci\u0142 historyczny widok miasta Jaros\u0142awia znajduj\u0105cego si\u0119 na szlaku VIA REGIA we wschodniej Polsce, z kupcami przemieszczaj\u0105cymi si\u0119 na rynek. W \u015bredniowieczu na rynku, sercu dzisiejszego Starego Miasta, odbywa\u0142y si\u0119 wielkie targi, przyci\u0105gaj\u0105ce kupc\u00f3w z ca\u0142ej Europy. Handlowano tu i prze\u0142adowywano du\u017ce ilo\u015bci towar\u00f3w i zwierz\u0105t gospodarskich. Historycy przypuszczaj\u0105, \u017ce Jaros\u0142aw by\u0142 najwi\u0119kszym o\u015brodkiem handlowym w Europie \u015arodkowej, zaraz po Frankfurcie nad Menem.&#8221;<\/p>\n\n\n\n<iframe loading=\"lazy\" src=\"https:\/\/www.facebook.com\/plugins\/post.php?href=https%3A%2F%2Fwww.facebook.com%2FVIA.REGIA%2Fposts%2F4710093242342775&#038;show_text=true&#038;width=500\" width=\"500\" height=\"546\" style=\"border:none;overflow:hidden\" scrolling=\"no\" frameborder=\"0\" allowfullscreen=\"true\" allow=\"autoplay; clipboard-write; encrypted-media; picture-in-picture; web-share\"><\/iframe>\n","protected":false},"excerpt":{"rendered":"<p>@VIA.REGIA\u00a0udost\u0119pni\u0142o nasz post, poni\u017cej t\u0142umaczenie i post: Przet\u0142umaczony cytat: &#8222;Seweryn Mo\u017cd\u017ce\u0144 zamie\u015bci\u0142 historyczny widok miasta Jaros\u0142awia znajduj\u0105cego si\u0119 na szlaku VIA REGIA we wschodniej Polsce, z kupcami przemieszczaj\u0105cymi si\u0119 na rynek. W \u015bredniowieczu na rynku, sercu dzisiejszego Starego Miasta, odbywa\u0142y si\u0119 wielkie targi, przyci\u0105gaj\u0105ce kupc\u00f3w z ca\u0142ej Europy. Handlowano tu i prze\u0142adowywano du\u017ce ilo\u015bci towar\u00f3w <\/p>\n<div class=\"read-more-text\"><a href=\"https:\/\/moc.biz.pl\/?p=720\" class=\"read-more\">continue reading<\/a><\/div>\n","protected":false},"author":1,"featured_media":0,"comment_status":"open","ping_status":"open","sticky":false,"template":"","format":"standard","meta":{"_monsterinsights_skip_tracking":false,"_monsterinsights_sitenote_active":false,"_monsterinsights_sitenote_note":"","_monsterinsights_sitenote_category":0,"footnotes":""},"categories":[12],"tags":[],"class_list":["post-720","post","type-post","status-publish","format-standard","hentry","category-uncategorized-pl"],"aioseo_notices":[],"_links":{"self":[{"href":"https:\/\/moc.biz.pl\/index.php?rest_route=\/wp\/v2\/posts\/720","targetHints":{"allow":["GET"]}}],"collection":[{"href":"https:\/\/moc.biz.pl\/index.php?rest_route=\/wp\/v2\/posts"}],"about":[{"href":"https:\/\/moc.biz.pl\/index.php?rest_route=\/wp\/v2\/types\/post"}],"author":[{"embeddable":true,"href":"https:\/\/moc.biz.pl\/index.php?rest_route=\/wp\/v2\/users\/1"}],"replies":[{"embeddable":true,"href":"https:\/\/moc.biz.pl\/index.php?rest_route=%2Fwp%2Fv2%2Fcomments&post=720"}],"version-history":[{"count":2,"href":"https:\/\/moc.biz.pl\/index.php?rest_route=\/wp\/v2\/posts\/720\/revisions"}],"predecessor-version":[{"id":722,"href":"https:\/\/moc.biz.pl\/index.php?rest_route=\/wp\/v2\/posts\/720\/revisions\/722"}],"wp:attachment":[{"href":"https:\/\/moc.biz.pl\/index.php?rest_route=%2Fwp%2Fv2%2Fmedia&parent=720"}],"wp:term":[{"taxonomy":"category","embeddable":true,"href":"https:\/\/moc.biz.pl\/index.php?rest_route=%2Fwp%2Fv2%2Fcategories&post=720"},{"taxonomy":"post_tag","embeddable":true,"href":"https:\/\/moc.biz.pl\/index.php?rest_route=%2Fwp%2Fv2%2Ftags&post=720"}],"curies":[{"name":"wp","href":"https:\/\/api.w.org\/{rel}","templated":true}]}}