{"id":312,"date":"2021-03-22T14:59:10","date_gmt":"2021-03-22T14:59:10","guid":{"rendered":"http:\/\/moc.biz.pl\/?p=312"},"modified":"2021-09-12T08:52:08","modified_gmt":"2021-09-12T08:52:08","slug":"oferta","status":"publish","type":"post","link":"https:\/\/moc.biz.pl\/?p=312","title":{"rendered":"OFERTA"},"content":{"rendered":"\n<p>I. PRZEDMIOT OFERTY. <\/p>\n\n\n\n<p>W\u00f3z Handlowy &#8211; funkcjonalna stylizacja XVII wiecznego Wozu Kupieckiego tzw. &#8222;Kolebki Polskiej&#8221;.<\/p>\n\n\n\n<p>II. OPIS HISTORYCZNY Zastosowanie: Transport towar\u00f3w oraz przesy\u0142ek mi\u0119dzy miastami: Kij\u00f3w &#8211; Lw\u00f3w &#8211; Krak\u00f3w &#8211; Norymberga &#8211; Odessa &#8211; Kij\u00f3w &#8211; Lw\u00f3w &#8211; Warszawa &#8211; Toru\u0144 &#8211; Gda\u0144sk. Cechy szczeg\u00f3lne: Pojazd stabilny, ci\u0119\u017cki, r\u00f3wnie\u017c do zastosowa\u0144 militarnych (tabory z zaopatrzeniem &#8222;W\u00f3z Wojenny&#8221;) oraz jako &#8222;W\u00f3z Pocztowy&#8221; (Szlak poczty dyli\u017cansowej Lw\u00f3w &#8211; Krak\u00f3w &#8211; Bielsko Bia\u0142a).<\/p>\n\n\n\n<p>III. OBECNA MO\u017bLIWO\u015a\u0106 ZASTOSOWANIA <\/p>\n\n\n\n<p>Obiekt do stacjonarnego handlu w miejscach atrakcyjnych turystycznie jako: <\/p>\n\n\n\n<p>&#8211; \u015arodek niekonwencjonalnej reklamy. <\/p>\n\n\n\n<p>&#8211; Punkt ma\u0142ej gastronomii. <\/p>\n\n\n\n<p>&#8211; Punkt wyszynku piwa. <\/p>\n\n\n\n<p>&#8211; Punkt sprzeda\u017cy upomink\u00f3w itp. <\/p>\n\n\n\n<p>Zalety: <\/p>\n\n\n\n<p>&#8211; Odr\u0119bno\u015b\u0107 formy od tradycyjnych stoisk sprzeda\u017cy. <\/p>\n\n\n\n<p>&#8211; \u0141atwo\u015b\u0107 przemieszczania w zale\u017cno\u015bci od miejsca powstawania lub kreowania popytu (przy drogach, kempingach, o\u015brodkach wczasowych, trasach turystyki konnej, pieszej, wodnej, motorowej oraz w okolicach obiekt\u00f3w historycznych). <\/p>\n\n\n\n<p>&#8211; Trwa\u0142o\u015b\u0107. <\/p>\n\n\n\n<p>&#8211; Odporno\u015b\u0107 na zmiany atmosferyczne. <\/p>\n\n\n\n<p>&#8211; Wielosezonowo\u015b\u0107. <\/p>\n\n\n\n<p>&#8211; Wykonany z materia\u0142\u00f3w ekologicznych, przyjaznych dla cz\u0142owieka oraz produkt\u00f3w spo\u017cywczych. <\/p>\n\n\n\n<p>Cechy specjalne : <\/p>\n\n\n\n<p>&#8211; produkt posiada Opini\u0119 Woj. Konserwatora Zabytk\u00f3w w Przemy\u015blu z dnia 04.06.1993 roku.<\/p>\n\n\n\n<p>&#8211; produkt jest chroniony przez Urz\u0105d Patentowy RP, Nr W 9792 pod nazw\u0105 &#8222;W\u00f3z Handlowy&#8221;. <\/p>\n\n\n\n<p>Referencje: <\/p>\n\n\n\n<p>&#8211; dwukrotnie eksponowany na mi\u0119dzynarodowych Targach POLAGRA \u00b4 93 oraz \u00b4 94 (jeden z egzemplarzy) jako stoisko Jaros\u0142awskich Zak\u0142ad\u00f3w Mi\u0119snych. <\/p>\n\n\n\n<p>&#8211; stacjonarne stoisko sprzeda\u017cy produkt\u00f3w spo\u017cywczych na Ma\u0142ym Rynku w Przeworsku (600-letnie miasto w woj. podkarpackim) od po\u0142owy 1993 r. <\/p>\n\n\n\n<p>&#8211; stacjonarne stoisko sprzeda\u017cy upomink\u00f3w &#8222;CEPELIA&#8221; na Rynku w Jaros\u0142awiu (620-letnie miasto w woj. podkarpackim) od lipca 1995r. <\/p>\n\n\n\n<p>&#8211; ruchome stoisko ma\u0142ej gastronomii <\/p>\n\n\n\n<p>&#8211; &#8222;Konw\u00f3j Country 95&#8221; (sierpie\u0144 1995r jeden z egzemplarzy). <\/p>\n\n\n\n<p>&#8211; stacjonarne stoisko sprzeda\u017cy materia\u0142\u00f3w fonograficznych na Rynku w Jaros\u0142awiu od stycznia 1996 r. <\/p>\n\n\n\n<p>&#8211; stacjonarne stoisko ma\u0142ej gastronomii, wyszynku piwa <\/p>\n\n\n\n<p>&#8211; Jaros\u0142aw Rynek (od lipca 1996r.). &#8211; stacjonarne stoisko sprzeda\u017cy lod\u00f3w tradycyjnych na Rynku w Jaros\u0142awiu od 1997r. <\/p>\n\n\n\n<p>&#8211; stacjonarne stoisko sprzeda\u017cy lod\u00f3w tradycyjnych na Rynku w Przemy\u015blu, od 1997r. (800 &#8211; letnie miasto w woj. podkarpackim). <\/p>\n\n\n\n<p>&#8211; stacjonarne stoisko sprzeda\u017cy wyrob\u00f3w cukierniczych w Gda\u0144sku, od 2003r. <\/p>\n\n\n\n<p>OFERENT<\/p>\n\n\n\n<p>Zbigniew Mo\u017cd\u017ce\u0144<\/p>\n\n\n\n<p>tel. 508 71 82 77<\/p>\n","protected":false},"excerpt":{"rendered":"<p>I. PRZEDMIOT OFERTY. W\u00f3z Handlowy &#8211; funkcjonalna stylizacja XVII wiecznego Wozu Kupieckiego tzw. &#8222;Kolebki Polskiej&#8221;. II. OPIS HISTORYCZNY Zastosowanie: Transport towar\u00f3w oraz przesy\u0142ek mi\u0119dzy miastami: Kij\u00f3w &#8211; Lw\u00f3w &#8211; Krak\u00f3w &#8211; Norymberga &#8211; Odessa &#8211; Kij\u00f3w &#8211; Lw\u00f3w &#8211; Warszawa &#8211; Toru\u0144 &#8211; Gda\u0144sk. Cechy szczeg\u00f3lne: Pojazd stabilny, ci\u0119\u017cki, r\u00f3wnie\u017c do zastosowa\u0144 militarnych (tabory z <\/p>\n<div class=\"read-more-text\"><a href=\"https:\/\/moc.biz.pl\/?p=312\" class=\"read-more\">continue reading<\/a><\/div>\n","protected":false},"author":1,"featured_media":0,"comment_status":"open","ping_status":"open","sticky":false,"template":"","format":"standard","meta":{"_monsterinsights_skip_tracking":false,"_monsterinsights_sitenote_active":false,"_monsterinsights_sitenote_note":"","_monsterinsights_sitenote_category":0,"footnotes":""},"categories":[12],"tags":[],"class_list":["post-312","post","type-post","status-publish","format-standard","hentry","category-uncategorized-pl"],"aioseo_notices":[],"_links":{"self":[{"href":"https:\/\/moc.biz.pl\/index.php?rest_route=\/wp\/v2\/posts\/312","targetHints":{"allow":["GET"]}}],"collection":[{"href":"https:\/\/moc.biz.pl\/index.php?rest_route=\/wp\/v2\/posts"}],"about":[{"href":"https:\/\/moc.biz.pl\/index.php?rest_route=\/wp\/v2\/types\/post"}],"author":[{"embeddable":true,"href":"https:\/\/moc.biz.pl\/index.php?rest_route=\/wp\/v2\/users\/1"}],"replies":[{"embeddable":true,"href":"https:\/\/moc.biz.pl\/index.php?rest_route=%2Fwp%2Fv2%2Fcomments&post=312"}],"version-history":[{"count":1,"href":"https:\/\/moc.biz.pl\/index.php?rest_route=\/wp\/v2\/posts\/312\/revisions"}],"predecessor-version":[{"id":313,"href":"https:\/\/moc.biz.pl\/index.php?rest_route=\/wp\/v2\/posts\/312\/revisions\/313"}],"wp:attachment":[{"href":"https:\/\/moc.biz.pl\/index.php?rest_route=%2Fwp%2Fv2%2Fmedia&parent=312"}],"wp:term":[{"taxonomy":"category","embeddable":true,"href":"https:\/\/moc.biz.pl\/index.php?rest_route=%2Fwp%2Fv2%2Fcategories&post=312"},{"taxonomy":"post_tag","embeddable":true,"href":"https:\/\/moc.biz.pl\/index.php?rest_route=%2Fwp%2Fv2%2Ftags&post=312"}],"curies":[{"name":"wp","href":"https:\/\/api.w.org\/{rel}","templated":true}]}}